{"id":305,"date":"2015-10-12T11:48:58","date_gmt":"2015-10-12T11:48:58","guid":{"rendered":"http:\/\/www.studiolegalenapolitano.com\/?p=305"},"modified":"2015-12-04T11:45:28","modified_gmt":"2015-12-04T11:45:28","slug":"approvata-la-riforma-dei-reati-tributari","status":"publish","type":"post","link":"https:\/\/www.studiolegalenapolitano.com\/de\/approvata-la-riforma-dei-reati-tributari\/","title":{"rendered":"Approvata la riforma dei reati tributari"},"content":{"rendered":"<p class=\"qtranxs-available-languages-message qtranxs-available-languages-message-de\">Leider ist der Eintrag nur auf <a href=\"https:\/\/www.studiolegalenapolitano.com\/it\/wp-json\/wp\/v2\/posts\/305\" class=\"qtranxs-available-language-link qtranxs-available-language-link-it\" title=\"Italiano\">Italiano<\/a> verf\u00fcgbar. Der Inhalt wird unten in einer verf\u00fcgbaren Sprache angezeigt. Klicken Sie auf den Link, um die aktuelle Sprache zu \u00e4ndern.<\/p><p><\/p>\n<p style=\"text-align: justify;\">Entrer\u00e0 in vigore il 22 ottobre prossimo la riforma sui reati tributari, che stabilisce nuove regole in materia di\u00a0sistema sanzionatorio. Molte le norme definitorie, generale l&#8217;innalzamento delle sanzioni, talvolta con\u00a0ampliamento della sfera dei potenziali soggetti attivi dei reati. Nuove norme in materia di confisca obbligatoria, anche per equivalente, del prezzo e del profitto del reato, e introduzione di sistemi di premialit\u00e0.<\/p>\n<p>Il testo integrale \u00e8 consultabile <a href=\"http:\/\/www.gazzettaufficiale.it\/eli\/id\/2015\/10\/7\/15G00169\/sg\">qui &gt;&gt; (<span class=\"riferimento\">GU Serie Generale n.233 del 7-10-2015 &#8211; Suppl. Ordinario n. 55).<\/span><\/a><\/p>","protected":false},"excerpt":{"rendered":"<p>Leider ist der Eintrag nur auf Italiano verf\u00fcgbar. Der Inhalt wird unten in einer verf\u00fcgbaren Sprache angezeigt. Klicken Sie auf den Link, um die aktuelle Sprache zu \u00e4ndern. Entrer\u00e0 in vigore il 22 ottobre prossimo la riforma sui reati tributari, che stabilisce nuove regole in materia di\u00a0sistema sanzionatorio. Molte le norme definitorie, generale l&#8217;innalzamento delle&#8230;<\/p>\n","protected":false},"author":6,"featured_media":0,"comment_status":"open","ping_status":"closed","sticky":false,"template":"","format":"standard","meta":{"footnotes":""},"categories":[1],"tags":[],"class_list":["post-305","post","type-post","status-publish","format-standard","hentry","category-news"],"yoast_head":"<!-- This site is optimized with the Yoast SEO plugin v27.5 - https:\/\/yoast.com\/product\/yoast-seo-wordpress\/ -->\n<title>Approvata la riforma dei reati tributari - Studio Legale Napolitano<\/title>\n<meta name=\"robots\" content=\"index, follow, max-snippet:-1, max-image-preview:large, max-video-preview:-1\" \/>\n<link rel=\"canonical\" href=\"https:\/\/www.studiolegalenapolitano.com\/de\/approvata-la-riforma-dei-reati-tributari\/\" \/>\n<meta property=\"og:locale\" content=\"de_DE\" \/>\n<meta property=\"og:type\" content=\"article\" \/>\n<meta property=\"og:title\" content=\"Approvata la riforma dei reati tributari - Studio Legale Napolitano\" \/>\n<meta property=\"og:description\" content=\"Leider ist der Eintrag nur auf Italiano verf\u00fcgbar. Der Inhalt wird unten in einer verf\u00fcgbaren Sprache angezeigt. Klicken Sie auf den Link, um die aktuelle Sprache zu \u00e4ndern. Entrer\u00e0 in vigore il 22 ottobre prossimo la riforma sui reati tributari, che stabilisce nuove regole in materia di\u00a0sistema sanzionatorio. Molte le norme definitorie, generale l&#8217;innalzamento delle...\" \/>\n<meta property=\"og:url\" content=\"https:\/\/www.studiolegalenapolitano.com\/de\/approvata-la-riforma-dei-reati-tributari\/\" \/>\n<meta property=\"og:site_name\" content=\"Studio Legale Napolitano\" \/>\n<meta property=\"article:published_time\" content=\"2015-10-12T11:48:58+00:00\" \/>\n<meta property=\"article:modified_time\" content=\"2015-12-04T11:45:28+00:00\" \/>\n<meta name=\"twitter:card\" content=\"summary_large_image\" \/>\n<meta name=\"twitter:label1\" content=\"Verfasst von\" \/>\n\t<meta name=\"twitter:data1\" content=\"\" \/>\n<script type=\"application\/ld+json\" class=\"yoast-schema-graph\">{\"@context\":\"https:\\\/\\\/schema.org\",\"@graph\":[{\"@type\":\"Article\",\"@id\":\"https:\\\/\\\/www.studiolegalenapolitano.com\\\/de\\\/approvata-la-riforma-dei-reati-tributari\\\/#article\",\"isPartOf\":{\"@id\":\"https:\\\/\\\/www.studiolegalenapolitano.com\\\/de\\\/approvata-la-riforma-dei-reati-tributari\\\/\"},\"author\":{\"name\":\"\",\"@id\":\"\"},\"headline\":\"Approvata la riforma dei reati tributari\",\"datePublished\":\"2015-10-12T11:48:58+00:00\",\"dateModified\":\"2015-12-04T11:45:28+00:00\",\"mainEntityOfPage\":{\"@id\":\"https:\\\/\\\/www.studiolegalenapolitano.com\\\/de\\\/approvata-la-riforma-dei-reati-tributari\\\/\"},\"wordCount\":88,\"commentCount\":0,\"articleSection\":[\"News\"],\"inLanguage\":\"de\"},{\"@type\":\"WebPage\",\"@id\":\"https:\\\/\\\/www.studiolegalenapolitano.com\\\/de\\\/approvata-la-riforma-dei-reati-tributari\\\/\",\"url\":\"https:\\\/\\\/www.studiolegalenapolitano.com\\\/de\\\/approvata-la-riforma-dei-reati-tributari\\\/\",\"name\":\"Approvata la riforma dei reati tributari - Studio Legale Napolitano\",\"isPartOf\":{\"@id\":\"https:\\\/\\\/www.studiolegalenapolitano.com\\\/#website\"},\"datePublished\":\"2015-10-12T11:48:58+00:00\",\"dateModified\":\"2015-12-04T11:45:28+00:00\",\"author\":{\"@id\":\"\"},\"breadcrumb\":{\"@id\":\"https:\\\/\\\/www.studiolegalenapolitano.com\\\/de\\\/approvata-la-riforma-dei-reati-tributari\\\/#breadcrumb\"},\"inLanguage\":\"de\",\"potentialAction\":[{\"@type\":\"ReadAction\",\"target\":[\"https:\\\/\\\/www.studiolegalenapolitano.com\\\/de\\\/approvata-la-riforma-dei-reati-tributari\\\/\"]}]},{\"@type\":\"BreadcrumbList\",\"@id\":\"https:\\\/\\\/www.studiolegalenapolitano.com\\\/de\\\/approvata-la-riforma-dei-reati-tributari\\\/#breadcrumb\",\"itemListElement\":[{\"@type\":\"ListItem\",\"position\":1,\"name\":\"Home\",\"item\":\"https:\\\/\\\/www.studiolegalenapolitano.com\\\/\"},{\"@type\":\"ListItem\",\"position\":2,\"name\":\"Approvata la riforma dei reati tributari\"}]},{\"@type\":\"WebSite\",\"@id\":\"https:\\\/\\\/www.studiolegalenapolitano.com\\\/#website\",\"url\":\"https:\\\/\\\/www.studiolegalenapolitano.com\\\/\",\"name\":\"Studio Legale Napolitano\",\"description\":\"Studio Legale\",\"potentialAction\":[{\"@type\":\"SearchAction\",\"target\":{\"@type\":\"EntryPoint\",\"urlTemplate\":\"https:\\\/\\\/www.studiolegalenapolitano.com\\\/?s={search_term_string}\"},\"query-input\":{\"@type\":\"PropertyValueSpecification\",\"valueRequired\":true,\"valueName\":\"search_term_string\"}}],\"inLanguage\":\"de\"},{\"@type\":\"Person\",\"@id\":\"\",\"url\":\"https:\\\/\\\/www.studiolegalenapolitano.com\\\/de\\\/author\\\/\"}]}<\/script>\n<!-- \/ Yoast SEO plugin. -->","yoast_head_json":{"title":"Approvata la riforma dei reati tributari - Studio Legale Napolitano","robots":{"index":"index","follow":"follow","max-snippet":"max-snippet:-1","max-image-preview":"max-image-preview:large","max-video-preview":"max-video-preview:-1"},"canonical":"https:\/\/www.studiolegalenapolitano.com\/de\/approvata-la-riforma-dei-reati-tributari\/","og_locale":"de_DE","og_type":"article","og_title":"Approvata la riforma dei reati tributari - Studio Legale Napolitano","og_description":"Leider ist der Eintrag nur auf Italiano verf\u00fcgbar. Der Inhalt wird unten in einer verf\u00fcgbaren Sprache angezeigt. Klicken Sie auf den Link, um die aktuelle Sprache zu \u00e4ndern. Entrer\u00e0 in vigore il 22 ottobre prossimo la riforma sui reati tributari, che stabilisce nuove regole in materia di\u00a0sistema sanzionatorio. Molte le norme definitorie, generale l&#8217;innalzamento delle...","og_url":"https:\/\/www.studiolegalenapolitano.com\/de\/approvata-la-riforma-dei-reati-tributari\/","og_site_name":"Studio Legale Napolitano","article_published_time":"2015-10-12T11:48:58+00:00","article_modified_time":"2015-12-04T11:45:28+00:00","twitter_card":"summary_large_image","twitter_misc":{"Verfasst von":""},"schema":{"@context":"https:\/\/schema.org","@graph":[{"@type":"Article","@id":"https:\/\/www.studiolegalenapolitano.com\/de\/approvata-la-riforma-dei-reati-tributari\/#article","isPartOf":{"@id":"https:\/\/www.studiolegalenapolitano.com\/de\/approvata-la-riforma-dei-reati-tributari\/"},"author":{"name":"","@id":""},"headline":"Approvata la riforma dei reati tributari","datePublished":"2015-10-12T11:48:58+00:00","dateModified":"2015-12-04T11:45:28+00:00","mainEntityOfPage":{"@id":"https:\/\/www.studiolegalenapolitano.com\/de\/approvata-la-riforma-dei-reati-tributari\/"},"wordCount":88,"commentCount":0,"articleSection":["News"],"inLanguage":"de"},{"@type":"WebPage","@id":"https:\/\/www.studiolegalenapolitano.com\/de\/approvata-la-riforma-dei-reati-tributari\/","url":"https:\/\/www.studiolegalenapolitano.com\/de\/approvata-la-riforma-dei-reati-tributari\/","name":"Approvata la riforma dei reati tributari - Studio Legale Napolitano","isPartOf":{"@id":"https:\/\/www.studiolegalenapolitano.com\/#website"},"datePublished":"2015-10-12T11:48:58+00:00","dateModified":"2015-12-04T11:45:28+00:00","author":{"@id":""},"breadcrumb":{"@id":"https:\/\/www.studiolegalenapolitano.com\/de\/approvata-la-riforma-dei-reati-tributari\/#breadcrumb"},"inLanguage":"de","potentialAction":[{"@type":"ReadAction","target":["https:\/\/www.studiolegalenapolitano.com\/de\/approvata-la-riforma-dei-reati-tributari\/"]}]},{"@type":"BreadcrumbList","@id":"https:\/\/www.studiolegalenapolitano.com\/de\/approvata-la-riforma-dei-reati-tributari\/#breadcrumb","itemListElement":[{"@type":"ListItem","position":1,"name":"Home","item":"https:\/\/www.studiolegalenapolitano.com\/"},{"@type":"ListItem","position":2,"name":"Approvata la riforma dei reati tributari"}]},{"@type":"WebSite","@id":"https:\/\/www.studiolegalenapolitano.com\/#website","url":"https:\/\/www.studiolegalenapolitano.com\/","name":"Studio Legale Napolitano","description":"Studio Legale","potentialAction":[{"@type":"SearchAction","target":{"@type":"EntryPoint","urlTemplate":"https:\/\/www.studiolegalenapolitano.com\/?s={search_term_string}"},"query-input":{"@type":"PropertyValueSpecification","valueRequired":true,"valueName":"search_term_string"}}],"inLanguage":"de"},{"@type":"Person","@id":"","url":"https:\/\/www.studiolegalenapolitano.com\/de\/author\/"}]}},"_links":{"self":[{"href":"https:\/\/www.studiolegalenapolitano.com\/de\/wp-json\/wp\/v2\/posts\/305","targetHints":{"allow":["GET"]}}],"collection":[{"href":"https:\/\/www.studiolegalenapolitano.com\/de\/wp-json\/wp\/v2\/posts"}],"about":[{"href":"https:\/\/www.studiolegalenapolitano.com\/de\/wp-json\/wp\/v2\/types\/post"}],"author":[{"embeddable":true,"href":"https:\/\/www.studiolegalenapolitano.com\/de\/wp-json\/wp\/v2\/users\/6"}],"replies":[{"embeddable":true,"href":"https:\/\/www.studiolegalenapolitano.com\/de\/wp-json\/wp\/v2\/comments?post=305"}],"version-history":[{"count":0,"href":"https:\/\/www.studiolegalenapolitano.com\/de\/wp-json\/wp\/v2\/posts\/305\/revisions"}],"wp:attachment":[{"href":"https:\/\/www.studiolegalenapolitano.com\/de\/wp-json\/wp\/v2\/media?parent=305"}],"wp:term":[{"taxonomy":"category","embeddable":true,"href":"https:\/\/www.studiolegalenapolitano.com\/de\/wp-json\/wp\/v2\/categories?post=305"},{"taxonomy":"post_tag","embeddable":true,"href":"https:\/\/www.studiolegalenapolitano.com\/de\/wp-json\/wp\/v2\/tags?post=305"}],"curies":[{"name":"wp","href":"https:\/\/api.w.org\/{rel}","templated":true}]}}